




{"id":1710,"date":"2021-05-02T16:56:36","date_gmt":"2021-05-02T16:56:36","guid":{"rendered":"https:\/\/dovetus.com\/?p=1710"},"modified":"2021-05-02T16:56:48","modified_gmt":"2021-05-02T16:56:48","slug":"la-propiedad-horizontal-7","status":"publish","type":"post","link":"https:\/\/dovetus.com\/?p=1710","title":{"rendered":"La Propiedad Horizontal 7"},"content":{"rendered":"<p>Acaban de conocerse los datos de la \u00faltima Encuesta de Poblaci\u00f3n Activa, correspondientes al primer trimestre de 2021, que realiza el Instituto Nacional de Estad\u00edstica. Son 474.500 menos que un a\u00f1o antes (-2,4%). Es el cuarto trimestre consecutivo con ca\u00edda interanual del empleo. Sin embargo, el ritmo de ca\u00edda se va moderando (-6% en el segundo trimestre de 2020, -3,5% en el tercero y -3,1% en el \u00faltimo trimestre de 2020).<\/p>\n<p>El n\u00famero de<span>\u00a0<\/span><strong>ocupados disminuye en 137.500 personas en el primer trimestre de 2021<\/strong><span>\u00a0<\/span>y se sit\u00faa en<span>\u00a0<\/span><span><strong>19.206.800.<\/strong><\/span><span>\u00a0<\/span>Seg\u00fan los criterios que se utilizan en las estad\u00edsticas de la Uni\u00f3n Europea y que el INE aplica en la EPA, todos los trabajadores que a d\u00eda de hoy est\u00e1n incluidos en un ERTE no son desempleados por lo que aparecen reflejados en la cifra de 19.206.800 ocupados del primer trimestre: es un dato clave, en la medida en que los trabajadores afectados por ERTE son nada menos que 650.000 personas.<\/p>\n\n\n<p><\/p>\n","protected":false},"excerpt":{"rendered":"<p>Nulla metus metus, ullamcorper vel, tincidunt sed, euismod in, nibh. Quisque volutpat condimentum velit. Class aptent taciti sociosqu ad litora torquent per conubia nostra, per inceptos himenaeos. Nam nec ante. Sed lacinia, urna non tincidunt mattis, tortor neque adipiscing diam, a cursus ipsum ante quis turpis. Nulla facilisi. Ut fringilla. Suspendisse potenti. Nunc feugiat mi a tellus consequat imperdiet.<\/p>\n","protected":false},"author":1,"featured_media":33,"comment_status":"open","ping_status":"open","sticky":false,"template":"","format":"gallery","meta":{"footnotes":""},"categories":[17,20],"tags":[21,24],"class_list":["post-1710","post","type-post","status-publish","format-gallery","has-post-thumbnail","hentry","category-business-law","category-family-law","tag-accident","tag-consultation","post_format-post-format-gallery"],"_links":{"self":[{"href":"https:\/\/dovetus.com\/index.php?rest_route=\/wp\/v2\/posts\/1710","targetHints":{"allow":["GET"]}}],"collection":[{"href":"https:\/\/dovetus.com\/index.php?rest_route=\/wp\/v2\/posts"}],"about":[{"href":"https:\/\/dovetus.com\/index.php?rest_route=\/wp\/v2\/types\/post"}],"author":[{"embeddable":true,"href":"https:\/\/dovetus.com\/index.php?rest_route=\/wp\/v2\/users\/1"}],"replies":[{"embeddable":true,"href":"https:\/\/dovetus.com\/index.php?rest_route=%2Fwp%2Fv2%2Fcomments&post=1710"}],"version-history":[{"count":1,"href":"https:\/\/dovetus.com\/index.php?rest_route=\/wp\/v2\/posts\/1710\/revisions"}],"predecessor-version":[{"id":1711,"href":"https:\/\/dovetus.com\/index.php?rest_route=\/wp\/v2\/posts\/1710\/revisions\/1711"}],"wp:featuredmedia":[{"embeddable":true,"href":"https:\/\/dovetus.com\/index.php?rest_route=\/wp\/v2\/media\/33"}],"wp:attachment":[{"href":"https:\/\/dovetus.com\/index.php?rest_route=%2Fwp%2Fv2%2Fmedia&parent=1710"}],"wp:term":[{"taxonomy":"category","embeddable":true,"href":"https:\/\/dovetus.com\/index.php?rest_route=%2Fwp%2Fv2%2Fcategories&post=1710"},{"taxonomy":"post_tag","embeddable":true,"href":"https:\/\/dovetus.com\/index.php?rest_route=%2Fwp%2Fv2%2Ftags&post=1710"}],"curies":[{"name":"wp","href":"https:\/\/api.w.org\/{rel}","templated":true}]}}